{"id":1968,"date":"2025-06-24T12:40:29","date_gmt":"2025-06-24T10:40:29","guid":{"rendered":"http:\/\/urgentcrier.com\/?p=1968"},"modified":"2025-07-07T23:32:20","modified_gmt":"2025-07-07T21:32:20","slug":"resistantes","status":"publish","type":"post","link":"http:\/\/urgentcrier.com\/index.php\/2025\/06\/24\/resistantes\/","title":{"rendered":"RESISTANCES \/ RESISTANTES"},"content":{"rendered":"\n<p>le 8 juillet 2025, \u00ab\u00a0La journ\u00e9e n\u00e9cessaire\u00a0\u00bb<br>RESISTANCES \/ RESISTANTES<\/p>\n\n\n\n<figure class=\"wp-block-image size-full\"><img loading=\"lazy\" decoding=\"async\" width=\"450\" height=\"600\" src=\"http:\/\/urgentcrier.com\/wp-content\/uploads\/2025\/06\/kriss_sac.jpg\" alt=\"\" class=\"wp-image-2002\" srcset=\"http:\/\/urgentcrier.com\/wp-content\/uploads\/2025\/06\/kriss_sac.jpg 450w, http:\/\/urgentcrier.com\/wp-content\/uploads\/2025\/06\/kriss_sac-300x400.jpg 300w\" sizes=\"auto, (max-width: 450px) 100vw, 450px\" \/><\/figure>\n\n\n\n<p><br><br>16h s\u00e9rigraphie<br>17h extrait Nuit au Maquis<br>17h30 conf\u00e9rence lecture de Juliette Weller sur les R\u00e9sistantes de Manosque<br>19h chants de R\u00e9sistances<br><br>interm\u00e8des clips vid\u00e9o<\/p>\n\n\n\n<figure class=\"wp-block-video\"><video controls poster=\"http:\/\/urgentcrier.com\/wp-content\/uploads\/2025\/06\/gero.jpg\" src=\"http:\/\/media.urgentcrier.com\/urgentcrier\/Song_geronimo.mp4\"><\/video><\/figure>\n\n\n\n<figure class=\"wp-block-video\"><video controls poster=\"http:\/\/urgentcrier.com\/wp-content\/uploads\/2025\/06\/rosatit2.jpg\" src=\"http:\/\/media.urgentcrier.com\/urgentcrier\/rosa_lux.mp4\"><\/video><\/figure>\n\n\n\n<figure class=\"wp-block-video\"><video controls poster=\"http:\/\/urgentcrier.com\/wp-content\/uploads\/2025\/06\/krissMOUNTA_2025.jpg\" src=\"http:\/\/media.urgentcrier.com\/urgentcrier\/resistant_ombre_50.mp4\"><\/video><\/figure>\n","protected":false},"excerpt":{"rendered":"<p>le 8 juillet 2025, \u00ab\u00a0La journ\u00e9e n\u00e9cessaire\u00a0\u00bbRESISTANCES \/ RESISTANTES 16h s\u00e9rigraphie17h extrait Nuit au Maquis17h30 conf\u00e9rence lecture de Juliette Weller sur les R\u00e9sistantes de Manosque19h chants de R\u00e9sistances interm\u00e8des clips vid\u00e9o<\/p>\n","protected":false},"author":1,"featured_media":1989,"comment_status":"closed","ping_status":"open","sticky":false,"template":"","format":"aside","meta":{"footnotes":""},"categories":[7,13],"tags":[],"class_list":["post-1968","post","type-post","status-publish","format-aside","has-post-thumbnail","hentry","category-evenements","category-info","post_format-post-format-aside"],"_links":{"self":[{"href":"http:\/\/urgentcrier.com\/index.php\/wp-json\/wp\/v2\/posts\/1968","targetHints":{"allow":["GET"]}}],"collection":[{"href":"http:\/\/urgentcrier.com\/index.php\/wp-json\/wp\/v2\/posts"}],"about":[{"href":"http:\/\/urgentcrier.com\/index.php\/wp-json\/wp\/v2\/types\/post"}],"author":[{"embeddable":true,"href":"http:\/\/urgentcrier.com\/index.php\/wp-json\/wp\/v2\/users\/1"}],"replies":[{"embeddable":true,"href":"http:\/\/urgentcrier.com\/index.php\/wp-json\/wp\/v2\/comments?post=1968"}],"version-history":[{"count":13,"href":"http:\/\/urgentcrier.com\/index.php\/wp-json\/wp\/v2\/posts\/1968\/revisions"}],"predecessor-version":[{"id":2003,"href":"http:\/\/urgentcrier.com\/index.php\/wp-json\/wp\/v2\/posts\/1968\/revisions\/2003"}],"wp:featuredmedia":[{"embeddable":true,"href":"http:\/\/urgentcrier.com\/index.php\/wp-json\/wp\/v2\/media\/1989"}],"wp:attachment":[{"href":"http:\/\/urgentcrier.com\/index.php\/wp-json\/wp\/v2\/media?parent=1968"}],"wp:term":[{"taxonomy":"category","embeddable":true,"href":"http:\/\/urgentcrier.com\/index.php\/wp-json\/wp\/v2\/categories?post=1968"},{"taxonomy":"post_tag","embeddable":true,"href":"http:\/\/urgentcrier.com\/index.php\/wp-json\/wp\/v2\/tags?post=1968"}],"curies":[{"name":"wp","href":"https:\/\/api.w.org\/{rel}","templated":true}]}}