{"id":1738,"date":"2023-09-29T13:36:12","date_gmt":"2023-09-29T11:36:12","guid":{"rendered":"http:\/\/urgentcrier.com\/?p=1738"},"modified":"2023-10-24T16:09:41","modified_gmt":"2023-10-24T14:09:41","slug":"exposition-peinture-christian-bourgeois","status":"publish","type":"post","link":"http:\/\/urgentcrier.com\/index.php\/2023\/09\/29\/exposition-peinture-christian-bourgeois\/","title":{"rendered":"Journ\u00e9es 27-28 octobre 2023 Th\u00e9\u00e2tre des Carmes"},"content":{"rendered":"\n<p class=\"has-small-font-size\">Avant programme<\/p>\n\n\n\n<h2 class=\"wp-block-heading\">vendredi 27 octobre 2023 \u00e0 partir de 18H30<\/h2>\n\n\n\n<p class=\"has-vivid-cyan-blue-color has-text-color\" style=\"font-size:16px\">Inauguration de l&rsquo;exposition-peinture de Christian Bourgeois \u00ab\u00a0Les Mena\u00e7ants\u00a0\u00bb, d&rsquo;apr\u00e8s sa s\u00e9rie \u00ab\u00a0les Ogres<\/p>\n\n\n\n<p class=\"has-text-align-center has-medium-font-size\"><a href=\"http:\/\/media.urgentcrier.com\/urgentcrier\/clip expo kristian.mp4\">BANDE ANNONCE<\/a><\/p>\n\n\n\n<figure class=\"wp-block-image size-large\"><a href=\"http:\/\/media.urgentcrier.com\/urgentcrier\/clip expo kristian.mp4\"><img loading=\"lazy\" decoding=\"async\" width=\"731\" height=\"1080\" src=\"http:\/\/urgentcrier.com\/wp-content\/uploads\/2023\/09\/plakatt-menacants-27-lit-1C-731x1080.jpg\" alt=\"voir la bande annonce\" class=\"wp-image-1753\" srcset=\"http:\/\/urgentcrier.com\/wp-content\/uploads\/2023\/09\/plakatt-menacants-27-lit-1C-731x1080.jpg 731w, http:\/\/urgentcrier.com\/wp-content\/uploads\/2023\/09\/plakatt-menacants-27-lit-1C-271x400.jpg 271w, http:\/\/urgentcrier.com\/wp-content\/uploads\/2023\/09\/plakatt-menacants-27-lit-1C-768x1134.jpg 768w, http:\/\/urgentcrier.com\/wp-content\/uploads\/2023\/09\/plakatt-menacants-27-lit-1C-1040x1536.jpg 1040w, http:\/\/urgentcrier.com\/wp-content\/uploads\/2023\/09\/plakatt-menacants-27-lit-1C.jpg 1200w\" sizes=\"auto, (max-width: 731px) 100vw, 731px\" \/><\/a><\/figure>\n\n\n\n<hr class=\"wp-block-separator has-alpha-channel-opacity is-style-wide\"\/>\n\n\n\n<p style=\"font-size:16px\">Christian Bourgeois, peintre, vit et travaille \u00e0 Pouzilhac &#8211; Gard.<br>Compagnon de la premi\u00e8re heure de la Nouvelle Compagnie d&rsquo;Avignon, il a \u00e9t\u00e9 chef d\u00e9corateur t\u00e9l\u00e9vision en c\u00f4te d&rsquo;Ivoire et au S\u00e9n\u00e9gal, puis il a enseign\u00e9 les arts plastiques \u00e0 Paris. Il a accumul\u00e9 une \u0153uvre foisonnante, peu connue du public. L&rsquo;exposition sera une bonne occasion de la r\u00e9v\u00e9ler. <br><br>Le Th\u00e9\u00e2tre des Carmes, depuis sa cr\u00e9ation, est attach\u00e9 aux artistes-peintres contemporains, parmi lesquels on trouve Georges Beaumont, Louis Pons, Michel Trinquier, Ben Vautier, Ernest Pignon-Ernest, Pierre Fran\u00e7ois, Cad\u00e8ne, Pierre Cayrol, Jacques Brianti, Bessompierre, etc<\/p>\n\n\n\n<p class=\"has-small-font-size\"><em>archive :  a<em>rticle de Ma\u00efa BOUTEILLET publi\u00e9 dans Lib\u00e9ration le 28 juillet 1999<\/em><\/em><br>&#8230;<em>Vingt et une heure trente, place des Carmes. A l&rsquo;aise dans ses sandales, la m\u00e8che gris argent, Andr\u00e9 Benedetto discute sur le trottoir, devant le th\u00e9\u00e2tre qu&rsquo;il a fond\u00e9 en 1963 et o\u00f9, depuis, \u00e9t\u00e9 comme hiver, il joue et met en sc\u00e8ne les textes qu&rsquo;il a \u00e9crits.<\/em><br><em><strong>Le Mena\u00e7ant<\/strong><\/em><br><em>Un texte en forme d&rsquo;inachev\u00e9, \u00abune tentative de repr\u00e9sentation\u00bb o\u00f9 le po\u00e8te livre ses inqui\u00e9tudes face \u00e0 la peste brune, ses d\u00e9bats int\u00e9rieurs d&rsquo;artiste contre le racisme et l&rsquo;intol\u00e9rance. Sortes de pens\u00e9es \u00e0 voix haute, sans doute nourries de la lecture des quotidiens et d&rsquo;une bonne dose de m\u00e9fiance \u00e0 l&rsquo;\u00e9gard de la t\u00e9l\u00e9.<br>Post\u00e9 devant le rideau rouge, \u00ab\u00e0 la recherche d&rsquo;un h\u00e9ros tragique qui pourrait incarner le Mal\u00bb, il en profite pour donner un petit cours de dramaturgie. Une t\u00e9l\u00e9commande \u00e0 la main pour faire la lumi\u00e8re comme bon lui chante, bonhomme, il explique qu\u2019\u0153dipe, h\u00e9ros tragique par excellence, \u00e9tait, au fond, \u00abun type simple, bien que n\u00e9 \u00e0 la cour,  jusqu&rsquo;au jour o\u00f9 un vieux lui a cherch\u00e9 des noises au carrefour\u00bb. Et, poursuit-il, avec l&rsquo;accent de la garrigue, \u00abcomme il a bien r\u00e9pondu \u00e0 la question, un peu comme au jeu des Mille francs, voyez, il a gagn\u00e9 la reine. On l&rsquo;imagine bien raconter \u00e7a dans un bistrot \u00ad de toute fa\u00e7on, le th\u00e9\u00e2tre, c&rsquo;est d&rsquo;abord une affaire de bistrot \u00ad, attabl\u00e9 devant un pastis et des cacahu\u00e8tes\u00bb\u00a0\u00bb &#8230;<\/em><\/p>\n\n\n\n<hr class=\"wp-block-separator has-alpha-channel-opacity is-style-wide\"\/>\n\n\n\n<h1 class=\"wp-block-heading has-vivid-cyan-blue-color has-text-color\">Programme des journ\u00e9es<\/h1>\n\n\n\n<h2 class=\"wp-block-heading has-vivid-cyan-blue-color has-text-color\">Vendredi 27 octobre \u00e0 partir de 18H30<\/h2>\n\n\n\n<p class=\"has-medium-font-size\"><br>Exposition des \u0153uvres de Christian Bourgeois<br>Lecture d\u2019extraits de \u00ab Le Mena\u00e7ant \u00bb d\u2019Andr\u00e9 Benedetto<br>Dirig\u00e9e par R\u00e9gis Rossotto<br>Avec Claude Djian, Corinne Djian, Nolwenn Le Doth, Charlotte Michenaut, Thomas Billaudelle, Benoit Miaule, R\u00e9gis Rossotto, Florent Terrier, Florian Martinet, H\u00e9l\u00e9na Vautrin<\/p>\n\n\n\n<p class=\"has-medium-font-size\">Lecture d\u2019extraits de \u00ab Jaur\u00e8s la voix \u00bb d\u2019Andr\u00e9 Benedetto<br>Par Jean-Claude Drouot<\/p>\n\n\n\n<p><\/p>\n\n\n\n<hr class=\"wp-block-separator has-alpha-channel-opacity is-style-wide\"\/>\n\n\n\n<h2 class=\"wp-block-heading has-vivid-cyan-blue-color has-text-color\">samedi 28 oct 2023 \u00e0 partir de 18H<\/h2>\n\n\n\n<p class=\"has-medium-font-size\">\u00ab Feu d\u2019artifice \u00bb Benedetto<br>Avec notamment des extraits d\u2019 \u00ab emballage \u00bb d\u2019Andr\u00e9 Benedetto<br>Par Claude Djian et Marie Hurault<br>des extraits de \u00ab Lola P\u00e9lican \u00bb d\u2019Andr\u00e9 Benedetto<br>Par Christine Matos<br>Vid\u00e9ogrammes de Jean-Marc Peytavin.<br>Des surprises<br>Les 60 bougies et le g\u00e2teau \u00e0 partager !<br>Entr\u00e9e Libre<br><strong>R\u00e9servation au 04 90 82 20 47<\/strong><br><\/p>\n\n\n\n<p class=\"has-medium-font-size\"><br><br>Projection de vid\u00e9ogrammes dessin\u00e9s par JM Peytavin sur des po\u00e8mes d&rsquo;Andr\u00e9 Benedetto dits et enregistr\u00e9s par l&rsquo;auteur, plus un monologue en duo inattendu&#8230;<\/p>\n\n\n\n<figure class=\"wp-block-image size-full\"><a href=\"http:\/\/urgentcrier.com\/index.php\/2023\/07\/12\/andre-benedetto-clips-poesigraphiques-revisites-2023\/\"><img loading=\"lazy\" decoding=\"async\" width=\"1920\" height=\"1080\" src=\"http:\/\/urgentcrier.com\/wp-content\/uploads\/2023\/09\/compil-ima8XX.jpg\" alt=\"\" class=\"wp-image-1809\" srcset=\"http:\/\/urgentcrier.com\/wp-content\/uploads\/2023\/09\/compil-ima8XX.jpg 1920w, http:\/\/urgentcrier.com\/wp-content\/uploads\/2023\/09\/compil-ima8XX-400x225.jpg 400w, http:\/\/urgentcrier.com\/wp-content\/uploads\/2023\/09\/compil-ima8XX-768x432.jpg 768w, http:\/\/urgentcrier.com\/wp-content\/uploads\/2023\/09\/compil-ima8XX-1536x864.jpg 1536w\" sizes=\"auto, (max-width: 767px) 89vw, (max-width: 1000px) 54vw, (max-width: 1071px) 543px, 580px\" \/><\/a><\/figure>\n\n\n\n<h6 class=\"wp-block-heading has-text-align-center\"><a href=\"http:\/\/urgentcrier.com\/index.php\/2023\/07\/12\/andre-benedetto-clips-poesigraphiques-revisites-2023\/\">Page des vid\u00e9ogrammes<\/a><\/h6>\n","protected":false},"excerpt":{"rendered":"<p>Exposition-peinture de Christian Bourgeois \u00ab\u00a0Les Mena\u00e7ants\u00a0\u00bb, d&rsquo;apr\u00e8s sa s\u00e9rie \u00ab\u00a0les Ogres<br \/>\nsamedi 28 oct 2023 \u00e0 partir de 18H<br \/>\n\u00ab Feu d\u2019artifice \u00bb Benedetto<\/p>\n","protected":false},"author":1,"featured_media":1750,"comment_status":"open","ping_status":"open","sticky":false,"template":"","format":"aside","meta":{"footnotes":""},"categories":[7,13],"tags":[],"class_list":["post-1738","post","type-post","status-publish","format-aside","has-post-thumbnail","hentry","category-evenements","category-info","post_format-post-format-aside"],"_links":{"self":[{"href":"http:\/\/urgentcrier.com\/index.php\/wp-json\/wp\/v2\/posts\/1738","targetHints":{"allow":["GET"]}}],"collection":[{"href":"http:\/\/urgentcrier.com\/index.php\/wp-json\/wp\/v2\/posts"}],"about":[{"href":"http:\/\/urgentcrier.com\/index.php\/wp-json\/wp\/v2\/types\/post"}],"author":[{"embeddable":true,"href":"http:\/\/urgentcrier.com\/index.php\/wp-json\/wp\/v2\/users\/1"}],"replies":[{"embeddable":true,"href":"http:\/\/urgentcrier.com\/index.php\/wp-json\/wp\/v2\/comments?post=1738"}],"version-history":[{"count":35,"href":"http:\/\/urgentcrier.com\/index.php\/wp-json\/wp\/v2\/posts\/1738\/revisions"}],"predecessor-version":[{"id":1829,"href":"http:\/\/urgentcrier.com\/index.php\/wp-json\/wp\/v2\/posts\/1738\/revisions\/1829"}],"wp:featuredmedia":[{"embeddable":true,"href":"http:\/\/urgentcrier.com\/index.php\/wp-json\/wp\/v2\/media\/1750"}],"wp:attachment":[{"href":"http:\/\/urgentcrier.com\/index.php\/wp-json\/wp\/v2\/media?parent=1738"}],"wp:term":[{"taxonomy":"category","embeddable":true,"href":"http:\/\/urgentcrier.com\/index.php\/wp-json\/wp\/v2\/categories?post=1738"},{"taxonomy":"post_tag","embeddable":true,"href":"http:\/\/urgentcrier.com\/index.php\/wp-json\/wp\/v2\/tags?post=1738"}],"curies":[{"name":"wp","href":"https:\/\/api.w.org\/{rel}","templated":true}]}}