{"id":1447,"date":"2023-03-23T11:37:19","date_gmt":"2023-03-23T10:37:19","guid":{"rendered":"http:\/\/urgentcrier.com\/?p=1447"},"modified":"2023-03-23T11:41:43","modified_gmt":"2023-03-23T10:41:43","slug":"bernard-lubat","status":"publish","type":"post","link":"http:\/\/urgentcrier.com\/index.php\/2023\/03\/23\/bernard-lubat\/","title":{"rendered":"BERNARD LUBAT"},"content":{"rendered":"\n<h2 class=\"wp-block-heading\">Samedi 15 et dimanche 16 avril 2023<br><br><strong>60 ans des Carmes avec la Compagnie Lubat<\/strong><\/h2>\n\n\n\n<figure class=\"wp-block-image size-full\"><img loading=\"lazy\" decoding=\"async\" width=\"1200\" height=\"739\" src=\"http:\/\/urgentcrier.com\/wp-content\/uploads\/2023\/03\/lubat.jpg\" alt=\"\" class=\"wp-image-1450\" srcset=\"http:\/\/urgentcrier.com\/wp-content\/uploads\/2023\/03\/lubat.jpg 1200w, http:\/\/urgentcrier.com\/wp-content\/uploads\/2023\/03\/lubat-400x246.jpg 400w, http:\/\/urgentcrier.com\/wp-content\/uploads\/2023\/03\/lubat-768x473.jpg 768w\" sizes=\"auto, (max-width: 767px) 89vw, (max-width: 1000px) 54vw, (max-width: 1071px) 543px, 580px\" \/><\/figure>\n\n\n\n<h4 class=\"wp-block-heading\">\ud835\udde6\ud835\uddd4\ud835\udde0\ud835\uddd8\ud835\uddd7\ud835\udddc \ud835\udfed\ud835\udff1 \ud835\uddd4\ud835\udde9\ud835\udde5\ud835\udddc\ud835\udddf \ud835\udfed\ud835\udff5\ud835\udddb<br>\ud835\udde0\ud835\udde8\ud835\udde6\ud835\udddc\ud835\uddd6\ud835\uddd4\ud835\udddf\ud835\uddd8\ud835\udde0\ud835\uddd8\ud835\udde1\ud835\udde7 \ud835\udde3\ud835\uddd4\ud835\udde5\ud835\udddf\ud835\uddd4\ud835\udde1\ud835\udde7<\/h4>\n\n\n\n<p>\ud835\ude3e\ud835\ude64\ud835\ude63\ud835\ude58\ud835\ude5a\ud835\ude67\ud835\ude69\ud835\ude56\ud835\ude63\ud835\ude58\ud835\ude5a \ud835\ude50\ud835\ude5c\ud835\ude5a\ud835\ude68\ud835\ude69\ud835\ude5e\ud835\ude58\ud835\ude6a\ud835\ude61\ud835\ude5a\u0301\ud835\ude5a \ud835\ude59\ud835\ude5a \ud835\ude3d\ud835\ude5a\ud835\ude67\ud835\ude63\ud835\ude56\ud835\ude67\ud835\ude59 \ud835\ude47\ud835\ude6a\ud835\ude57\ud835\ude56\ud835\ude69<br>(Concert\/conf\u00e9rence\/Concomitance)<br>Jusqu\u2019o\u00f9 \u00e7a commence le commencement.<br>Humeur humour humanit\u00e9 humidit\u00e9<br>2 heures sur le fil de l\u2019impro-spective\u2026<br>La musique \u00e0 vivre en libert\u00e9 libre\u2026<br>Les mots dits pour le dire et redire.<\/p>\n\n\n\n<h4 class=\"wp-block-heading\">\ud835\uddd7\ud835\udddc\ud835\udde0\ud835\uddd4\ud835\udde1\ud835\uddd6\ud835\udddb\ud835\uddd8 \ud835\udfed\ud835\udff2 \ud835\uddd4\ud835\udde9\ud835\udde5\ud835\udddc\ud835\udddf<br>\ud835\udfed\ud835\udff2\ud835\udddb \ud835\udde6\ud835\udde8\ud835\udde5 \ud835\uddd4\ud835\udde1\ud835\uddd7\ud835\udde5\ud835\uddd8\u0301 \ud835\uddd5\ud835\uddd8\ud835\udde1\ud835\uddd8\ud835\uddd7\ud835\uddd8\ud835\udde7\ud835\udde7\ud835\udde2<\/h4>\n\n\n\n<p>D\u00e9bat, \u00e9change avec Marie-Jos\u00e9 Sirach (Journaliste, critique dramatique \u00e0 L&rsquo;Humanit\u00e9) et Olivier Neveux Professeur d&rsquo;histoire et d&rsquo;esth\u00e9tique du th\u00e9\u00e2tre)<\/p>\n\n\n\n<p>L\u2019importance d\u2019Andr\u00e9 Benedetto est inversement proportionnelle \u00e0 la place qu\u2019il occupe dans les histoires du th\u00e9\u00e2tre. Po\u00e8te, auteur de pi\u00e8ces, metteur en sc\u00e8ne, acteur loup \u00e9ruptif et distanci\u00e9, fondateur du Th\u00e9\u00e2tre des Carmes, initiateur du festival \u00ab off \u00bb d\u2019Avignon, compagnon d\u2019Uzeste Musical, son \u0153uvre, lyrique et rugueuse, est immense : \ud835\ude1c\ud835\ude33\ud835\ude28\ud835\ude26\ud835\ude2f\ud835\ude35 \ud835\ude24\ud835\ude33\ud835\ude2a\ud835\ude26\ud835\ude33, \ud835\ude0e\ud835\ude26\u0301\ud835\ude33\ud835\ude30\ud835\ude2f\ud835\ude2a\ud835\ude2e\ud835\ude30, \ud835\ude15\ud835\ude30\ud835\ude36\ud835\ude34 \ud835\ude2d\ud835\ude26\ud835\ude34 \ud835\ude0c\ud835\ude36\ud835\ude33\ud835\ude26\ud835\ude36\ud835\ude31\ud835\ude26\u0301\ud835\ude26\ud835\ude2f\ud835\ude34, \ud835\ude0b\ud835\ude26\ud835\ude36\ud835\ude39 \ud835\ude31\ud835\ude30\ud835\ude2f\ud835\ude35\ud835\ude34 \ud835\ude35\ud835\ude33\ud835\ude30\ud835\ude2a\ud835\ude34 \ud835\ude22\ud835\ude33\ud835\ude23\ud835\ude33\ud835\ude26\ud835\ude34 \ud835\ude26\ud835\ude35 \ud835\ude32\ud835\ude36\ud835\ude22\ud835\ude35\ud835\ude33\ud835\ude26 \ud835\ude29\ud835\ude30\ud835\ude2e\ud835\ude2e\ud835\ude26\ud835\ude34 \ud835\ude25\ud835\ude36 \ud835\ude1a\ud835\ude36\ud835\ude25, \ud835\ude13\u2019\ud835\ude29\ud835\ude30\ud835\ude2e\ud835\ude2e\ud835\ude26 \ud835\ude22\ud835\ude36\ud835\ude39 \ud835\ude31\ud835\ude26\ud835\ude35\ud835\ude2a\ud835\ude35\ud835\ude26\ud835\ude34 \ud835\ude31\ud835\ude2a\ud835\ude26\ud835\ude33\ud835\ude33\ud835\ude26\ud835\ude34 \ud835\ude26\ud835\ude2f\ud835\ude24\ud835\ude26\ud835\ude33\ud835\ude24\ud835\ude2d\ud835\ude26\u0301 \ud835\ude31\ud835\ude22\ud835\ude33 \ud835\ude2d\ud835\ude26\ud835\ude34 \ud835\ude28\ud835\ude33\ud835\ude30\ud835\ude34 \ud835\ude24\ud835\ude22\ud835\ude2f\ud835\ude30\ud835\ude2f\ud835\ude34\u2026<\/p>\n\n\n\n<p>Ses textes nombreux embrassent l&rsquo;histoire avec ce qui la compose de terreur, d\u2019espoir et ce qu\u2019elle exige de lucidit\u00e9 pour le transformer. Il occupe une place singuli\u00e8re et irr\u00e9ductible au sein de la constellation des \u00ab \u0153uvres rouges \u00bb, aux c\u00f4t\u00e9s de Nazim Hikmet, de Franca Rame et de Dario Fo, de Ma\u00efakovski ou d\u2019H\u00e9l\u00e8ne Weigel. Cette constellation est aujourd\u2019hui \u00e9clips\u00e9e, apr\u00e8s avoir \u00e9t\u00e9 caricatur\u00e9e et attaqu\u00e9e. C\u2019est logique : elle est mena\u00e7ante. Elle met en cause et en question la place coutumi\u00e8re assign\u00e9e \u00e0 l\u2019art, l\u2019usage ordonn\u00e9 des mots, des corps, des rires et des fictions. Il n\u2019est pas dit toutefois que les Vainqueurs qui font l\u2019histoire auront le dernier mot. \u00c0 travers l\u2019\u00e9criture de Benedetto, son art du th\u00e9\u00e2tre, sa r\u00e9flexion sur le jeu, l\u2019adresse, les spectateurs, se dessine une histoire alternative du th\u00e9\u00e2tre. Cette histoire il importe de l\u2019\u00e9crire de la dire de la r\u00e9fl\u00e9chir. Pas tant (et pourtant) pour regarder vers le pass\u00e9 pour que se donner du courage et des id\u00e9es pour l\u2019avenir. Bref revenir \u00e0 cette \u0153uvre comme on va chercher l\u2019inspiration. De toute \u00e9vidence, il existe des po\u00e8tes et des \u0153uvres utiles pour vivre, lutter et cr\u00e9er.<\/p>\n\n\n\n<h4 class=\"wp-block-heading\">\ud835\udfed\ud835\udff5\ud835\udddb \ud835\uddd8\u0301\ud835\udde7\ud835\uddd4\ud835\udde7 \ud835\uddd7\u2019\ud835\uddd8\ud835\udde1\ud835\uddda\ud835\uddd8\ud835\uddd4\ud835\udde1\ud835\uddd6\ud835\uddd8<\/h4>\n\n\n\n<p>Oratorio profane&#8230;<br>Un des \u00ab\u00a0enchantiers\u00a0\u00bb majeurs de la Cie Lubat de jazzcogne.<\/p>\n\n\n\n<p>Mots et musiques en crise, en chrysalide&#8230; en prise&#8230;<br>\u00c9loge de la discontinuit\u00e9 &#8230;<br>En hommage au cin\u00e9aste Jean-Luc Godard, \u00e0 qui un journaliste demandait :<br>\u00ab Quelle est votre ambition dans la vie ? \u00bb<br>Il r\u00e9pondit : \u00ab Devenir immortel et mourir\u00bb<\/p>\n\n\n\n<p>Engeance : cat\u00e9gorie de personnes jug\u00e9es m\u00e9prisables par la morale bien pensante&#8230; sonnante et tr\u00e9buchante&#8230;<\/p>\n\n\n\n<p>\ud835\uddd4\ud835\ude03\ud835\uddf2\ud835\uddf0 : \ud835\udddd\ud835\ude02\ud835\uddf9\ud835\uddf6\ud835\uddf2\ud835\ude01\ud835\ude01\ud835\uddf2 \ud835\uddde\ud835\uddee\ud835\uddfd\ud835\uddf9\ud835\uddee (\ud835\ude03\ud835\uddf2\ud835\uddff\ud835\uddef\ud835\uddf2, \ud835\uddf0\ud835\uddf5\ud835\uddee\ud835\uddfb\ud835\ude01) \ud835\udde0\ud835\ude06\ud835\uddff\ud835\uddf6\ud835\uddee\ud835\uddfa \ud835\udde5\ud835\uddfc\ud835\ude02\ud835\uddef\ud835\uddf6\ud835\uddfb\ud835\uddf2\ud835\ude01 (\ud835\ude03\ud835\uddf2\ud835\uddff\ud835\uddef\ud835\uddf2) \ud835\uddd9\ud835\uddee\ud835\ude04\ud835\ude07\ud835\uddf6 \ud835\uddd5\ud835\uddf2\ud835\uddff\ud835\uddf4\ud835\uddf2\ud835\uddff (\ud835\uddfd\ud835\uddf2\ud835\uddff\ud835\uddf0\ud835\ude02\ud835\ude00\ud835\ude00\ud835\uddf6\ud835\uddfc\ud835\uddfb\ud835\ude00) \ud835\udddd\ud835\ude02\ud835\uddf9\ud835\uddf2\ud835\ude00 \ud835\udde5\ud835\uddfc\ud835\ude02\ud835\ude00\ud835\ude00\ud835\uddf2\ud835\uddee\ud835\ude02 (\ud835\uddf4\ud835\ude02\ud835\uddf6\ud835\ude01\ud835\uddee\ud835\uddff\ud835\uddf2 \ud835\uddef\ud835\uddee\ud835\ude00\ud835\ude00\ud835\uddf2) \ud835\uddd9\ud835\uddee\ud835\uddef\ud835\uddff\ud835\uddf6\ud835\uddf0\ud835\uddf2 \ud835\udde9\ud835\uddf6\ud835\uddf2\ud835\uddf6\ud835\uddff\ud835\uddee (\ud835\uddf4\ud835\ude02\ud835\uddf6\ud835\ude01\ud835\uddee\ud835\uddff\ud835\uddf2, \ud835\ude03\ud835\uddfc\ud835\uddf6\ud835\ude05) \ud835\uddd5\ud835\uddf2\ud835\uddff\ud835\uddfb\ud835\uddee\ud835\uddff\ud835\uddf1 \ud835\udddf\ud835\ude02\ud835\uddef\ud835\uddee\ud835\ude01 (\ud835\uddfd\ud835\uddf6\ud835\uddee\ud835\uddfb\ud835\uddfc, \ud835\ude03\ud835\uddfc\ud835\uddf6\ud835\ude05)<\/p>\n\n\n\n<h4 class=\"wp-block-heading\"><strong>Th\u00e9\u00e2tre des Carmes \/ Compagnie Lubat<\/strong><\/h4>\n\n\n\n<p><a href=\"https:\/\/www.vostickets.net\/THEATRE_DES_CARMES\/index.htm\" target=\"_blank\" rel=\"noreferrer noopener\">Billetterie<\/a><\/p>\n","protected":false},"excerpt":{"rendered":"<p>Samedi 15 et dimanche 16 avril 2023 60 ans des Carmes avec la Compagnie Lubat \ud835\udde6\ud835\uddd4\ud835\udde0\ud835\uddd8\ud835\uddd7\ud835\udddc \ud835\udfed\ud835\udff1 \ud835\uddd4\ud835\udde9\ud835\udde5\ud835\udddc\ud835\udddf \ud835\udfed\ud835\udff5\ud835\udddb\ud835\udde0\ud835\udde8\ud835\udde6\ud835\udddc\ud835\uddd6\ud835\uddd4\ud835\udddf\ud835\uddd8\ud835\udde0\ud835\uddd8\ud835\udde1\ud835\udde7 \ud835\udde3\ud835\uddd4\ud835\udde5\ud835\udddf\ud835\uddd4\ud835\udde1\ud835\udde7 \ud835\ude3e\ud835\ude64\ud835\ude63\ud835\ude58\ud835\ude5a\ud835\ude67\ud835\ude69\ud835\ude56\ud835\ude63\ud835\ude58\ud835\ude5a \ud835\ude50\ud835\ude5c\ud835\ude5a\ud835\ude68\ud835\ude69\ud835\ude5e\ud835\ude58\ud835\ude6a\ud835\ude61\ud835\ude5a\u0301\ud835\ude5a \ud835\ude59\ud835\ude5a \ud835\ude3d\ud835\ude5a\ud835\ude67\ud835\ude63\ud835\ude56\ud835\ude67\ud835\ude59 \ud835\ude47\ud835\ude6a\ud835\ude57\ud835\ude56\ud835\ude69(Concert\/conf\u00e9rence\/Concomitance)Jusqu\u2019o\u00f9 \u00e7a commence le commencement.Humeur humour humanit\u00e9 humidit\u00e92 heures sur le fil de l\u2019impro-spective\u2026La musique \u00e0 vivre en libert\u00e9 libre\u2026Les mots dits pour le dire et redire. \ud835\uddd7\ud835\udddc\ud835\udde0\ud835\uddd4\ud835\udde1\ud835\uddd6\ud835\udddb\ud835\uddd8 \ud835\udfed\ud835\udff2 \ud835\uddd4\ud835\udde9\ud835\udde5\ud835\udddc\ud835\udddf\ud835\udfed\ud835\udff2\ud835\udddb \ud835\udde6\ud835\udde8\ud835\udde5 &hellip; <\/p>\n<p class=\"link-more\"><a href=\"http:\/\/urgentcrier.com\/index.php\/2023\/03\/23\/bernard-lubat\/\" class=\"more-link\">Continuer la lecture<span class=\"screen-reader-text\"> de &laquo;&nbsp;BERNARD LUBAT&nbsp;&raquo;<\/span><\/a><\/p>\n","protected":false},"author":1,"featured_media":0,"comment_status":"closed","ping_status":"open","sticky":false,"template":"","format":"aside","meta":{"footnotes":""},"categories":[7,13],"tags":[],"class_list":["post-1447","post","type-post","status-publish","format-aside","hentry","category-evenements","category-info","post_format-post-format-aside"],"_links":{"self":[{"href":"http:\/\/urgentcrier.com\/index.php\/wp-json\/wp\/v2\/posts\/1447","targetHints":{"allow":["GET"]}}],"collection":[{"href":"http:\/\/urgentcrier.com\/index.php\/wp-json\/wp\/v2\/posts"}],"about":[{"href":"http:\/\/urgentcrier.com\/index.php\/wp-json\/wp\/v2\/types\/post"}],"author":[{"embeddable":true,"href":"http:\/\/urgentcrier.com\/index.php\/wp-json\/wp\/v2\/users\/1"}],"replies":[{"embeddable":true,"href":"http:\/\/urgentcrier.com\/index.php\/wp-json\/wp\/v2\/comments?post=1447"}],"version-history":[{"count":4,"href":"http:\/\/urgentcrier.com\/index.php\/wp-json\/wp\/v2\/posts\/1447\/revisions"}],"predecessor-version":[{"id":1453,"href":"http:\/\/urgentcrier.com\/index.php\/wp-json\/wp\/v2\/posts\/1447\/revisions\/1453"}],"wp:attachment":[{"href":"http:\/\/urgentcrier.com\/index.php\/wp-json\/wp\/v2\/media?parent=1447"}],"wp:term":[{"taxonomy":"category","embeddable":true,"href":"http:\/\/urgentcrier.com\/index.php\/wp-json\/wp\/v2\/categories?post=1447"},{"taxonomy":"post_tag","embeddable":true,"href":"http:\/\/urgentcrier.com\/index.php\/wp-json\/wp\/v2\/tags?post=1447"}],"curies":[{"name":"wp","href":"https:\/\/api.w.org\/{rel}","templated":true}]}}